{"id":9350,"date":"2019-12-20T12:33:15","date_gmt":"2019-12-20T11:33:15","guid":{"rendered":"https:\/\/www.erea86.fr\/version2\/?p=9350"},"modified":"2019-12-23T14:47:08","modified_gmt":"2019-12-23T13:47:08","slug":"visite-de-la-ferme-bio86-a-mignaloux-beauvoir","status":"publish","type":"post","link":"https:\/\/www.erea86.fr\/version2\/2019\/12\/20\/visite-de-la-ferme-bio86-a-mignaloux-beauvoir\/","title":{"rendered":"Visite de \u00ab\u00a0La ferme BIO86\u00a0\u00bb \u00e0 Mignaloux-Beauvoir"},"content":{"rendered":"<p><img loading=\"lazy\" decoding=\"async\" class=\"size-medium wp-image-9352 alignleft\" src=\"https:\/\/www.erea86.fr\/version2\/wp-content\/uploads\/2019\/12\/20190913_113114-225x300.jpg\" alt=\"\" width=\"225\" height=\"300\" srcset=\"https:\/\/www.erea86.fr\/version2\/wp-content\/uploads\/2019\/12\/20190913_113114-225x300.jpg 225w, https:\/\/www.erea86.fr\/version2\/wp-content\/uploads\/2019\/12\/20190913_113114-768x1024.jpg 768w, https:\/\/www.erea86.fr\/version2\/wp-content\/uploads\/2019\/12\/20190913_113114-1152x1536.jpg 1152w, https:\/\/www.erea86.fr\/version2\/wp-content\/uploads\/2019\/12\/20190913_113114-1536x2048.jpg 1536w, https:\/\/www.erea86.fr\/version2\/wp-content\/uploads\/2019\/12\/20190913_113114-203x270.jpg 203w, https:\/\/www.erea86.fr\/version2\/wp-content\/uploads\/2019\/12\/20190913_113114-scaled.jpg 1920w\" sizes=\"auto, (max-width: 225px) 100vw, 225px\" \/>Dans le cadre de leur formation et du projet \u00ab\u00a0De la fourche \u00e0 la fourchette\u00a0\u00bb, les \u00e9l\u00e8ves de la classe 2CAP1 ont visit\u00e9\u00a0 \u00ab\u00a0La ferme BIO86\u00a0\u00bb. Monsieur Mathieu Rullier nous a permis de visiter sa ferme dans laquelle il produit en agriculture biologique des fruits et l\u00e9gumes\u00a0 .<\/p>\n<p>Les photos de notre sortie du 13 novembre 2019 sont expos\u00e9es dans le hall de l&rsquo;EREA Anne Frank.<\/p>\n<p>Bonne exposition.<\/p>\n<p>2CAP1<\/p>\n","protected":false},"excerpt":{"rendered":"<p>Dans le cadre de leur formation et du projet \u00ab\u00a0De la fourche \u00e0 la fourchette\u00a0\u00bb, les \u00e9l\u00e8ves de la classe 2CAP1 ont visit\u00e9\u00a0 \u00ab\u00a0La ferme&hellip;&nbsp;<a href=\"https:\/\/www.erea86.fr\/version2\/2019\/12\/20\/visite-de-la-ferme-bio86-a-mignaloux-beauvoir\/\" class=\"more-link\">Lire la suite<\/a><\/p>\n","protected":false},"author":67,"featured_media":0,"comment_status":"open","ping_status":"open","sticky":false,"template":"","format":"standard","meta":{"_bbp_topic_count":0,"_bbp_reply_count":0,"_bbp_total_topic_count":0,"_bbp_total_reply_count":0,"_bbp_voice_count":0,"_bbp_anonymous_reply_count":0,"_bbp_topic_count_hidden":0,"_bbp_reply_count_hidden":0,"_bbp_forum_subforum_count":0,"footnotes":""},"categories":[166],"tags":[],"class_list":["post-9350","post","type-post","status-publish","format-standard","hentry","category-nouvelles"],"_links":{"self":[{"href":"https:\/\/www.erea86.fr\/version2\/wp-json\/wp\/v2\/posts\/9350","targetHints":{"allow":["GET"]}}],"collection":[{"href":"https:\/\/www.erea86.fr\/version2\/wp-json\/wp\/v2\/posts"}],"about":[{"href":"https:\/\/www.erea86.fr\/version2\/wp-json\/wp\/v2\/types\/post"}],"author":[{"embeddable":true,"href":"https:\/\/www.erea86.fr\/version2\/wp-json\/wp\/v2\/users\/67"}],"replies":[{"embeddable":true,"href":"https:\/\/www.erea86.fr\/version2\/wp-json\/wp\/v2\/comments?post=9350"}],"version-history":[{"count":0,"href":"https:\/\/www.erea86.fr\/version2\/wp-json\/wp\/v2\/posts\/9350\/revisions"}],"wp:attachment":[{"href":"https:\/\/www.erea86.fr\/version2\/wp-json\/wp\/v2\/media?parent=9350"}],"wp:term":[{"taxonomy":"category","embeddable":true,"href":"https:\/\/www.erea86.fr\/version2\/wp-json\/wp\/v2\/categories?post=9350"},{"taxonomy":"post_tag","embeddable":true,"href":"https:\/\/www.erea86.fr\/version2\/wp-json\/wp\/v2\/tags?post=9350"}],"curies":[{"name":"wp","href":"https:\/\/api.w.org\/{rel}","templated":true}]}}