{"id":9184,"date":"2019-11-29T16:54:45","date_gmt":"2019-11-29T15:54:45","guid":{"rendered":"https:\/\/www.erea86.fr\/version2\/?p=9184"},"modified":"2021-09-30T15:00:18","modified_gmt":"2021-09-30T13:00:18","slug":"9184","status":"publish","type":"post","link":"https:\/\/www.erea86.fr\/version2\/2019\/11\/29\/9184\/","title":{"rendered":"Gr\u00e8ve du 5 d\u00e9cembre"},"content":{"rendered":"<p><span style=\"font-family: Helvetica, Arial, sans-serif;\">Un appel \u00e0 la gr\u00e8ve a \u00e9t\u00e9 \u00e9mis par divers syndicats de l\u2019\u00e9ducation nationale pour le 5 d\u00e9cembre 2019. L&rsquo;EREA est concern\u00e9 par ce mouvement. <\/span><br \/>\n<span style=\"font-family: Helvetica, Arial, sans-serif;\">Plusieurs personnels ont d\u00e9j\u00e0 fait connaitre leur intention de faire gr\u00e8ve, et leur absence entra\u00eene\u00a0une perturbation du fonctionnement de l&rsquo;internat et des cours. <\/span><br \/>\n<span style=\"font-family: Helvetica, Arial, sans-serif;\">L\u2019accueil de l\u2019internat ne pouvant \u00eatre envisag\u00e9 que dans des conditions d\u2019encadrement optimales, il est demand\u00e9 aux familles des internes de r\u00e9cup\u00e9rer leur enfant apr\u00e8s les activit\u00e9s \u00e9ducatives, le mercredi 4, apr\u00e8s 16 h 30. L&rsquo;internat sera donc ferm\u00e9 mercredi 4 au soir et jeudi 5 au soir.<\/span><br \/>\n<span style=\"font-family: Helvetica, Arial, sans-serif;\">Les \u00e9l\u00e8ves externes et demi-pensionnaires seront lib\u00e9r\u00e9s normalement le mercredi midi.<\/span><br \/>\n<span style=\"font-family: Helvetica, Arial, sans-serif;\">Les cours de la journ\u00e9e du jeudi seront tr\u00e8s fortement perturb\u00e9s, ils reprendront normalement le vendredi 6 d\u00e9cembre au matin.<\/span><\/p>\n<p><span style=\"font-family: Helvetica, Arial, sans-serif;\">La Direction<\/span><\/p>\n","protected":false},"excerpt":{"rendered":"<p>Un appel \u00e0 la gr\u00e8ve a \u00e9t\u00e9 \u00e9mis par divers syndicats de l\u2019\u00e9ducation nationale pour le 5 d\u00e9cembre 2019. L&rsquo;EREA est concern\u00e9 par ce mouvement.&hellip;&nbsp;<a href=\"https:\/\/www.erea86.fr\/version2\/2019\/11\/29\/9184\/\" class=\"more-link\">Lire la suite<\/a><\/p>\n","protected":false},"author":15,"featured_media":0,"comment_status":"open","ping_status":"open","sticky":false,"template":"","format":"standard","meta":{"_bbp_topic_count":0,"_bbp_reply_count":0,"_bbp_total_topic_count":0,"_bbp_total_reply_count":0,"_bbp_voice_count":0,"_bbp_anonymous_reply_count":0,"_bbp_topic_count_hidden":0,"_bbp_reply_count_hidden":0,"_bbp_forum_subforum_count":0,"footnotes":""},"categories":[194,166],"tags":[],"class_list":["post-9184","post","type-post","status-publish","format-standard","hentry","category-information-syndicale","category-nouvelles"],"_links":{"self":[{"href":"https:\/\/www.erea86.fr\/version2\/wp-json\/wp\/v2\/posts\/9184","targetHints":{"allow":["GET"]}}],"collection":[{"href":"https:\/\/www.erea86.fr\/version2\/wp-json\/wp\/v2\/posts"}],"about":[{"href":"https:\/\/www.erea86.fr\/version2\/wp-json\/wp\/v2\/types\/post"}],"author":[{"embeddable":true,"href":"https:\/\/www.erea86.fr\/version2\/wp-json\/wp\/v2\/users\/15"}],"replies":[{"embeddable":true,"href":"https:\/\/www.erea86.fr\/version2\/wp-json\/wp\/v2\/comments?post=9184"}],"version-history":[{"count":1,"href":"https:\/\/www.erea86.fr\/version2\/wp-json\/wp\/v2\/posts\/9184\/revisions"}],"predecessor-version":[{"id":14624,"href":"https:\/\/www.erea86.fr\/version2\/wp-json\/wp\/v2\/posts\/9184\/revisions\/14624"}],"wp:attachment":[{"href":"https:\/\/www.erea86.fr\/version2\/wp-json\/wp\/v2\/media?parent=9184"}],"wp:term":[{"taxonomy":"category","embeddable":true,"href":"https:\/\/www.erea86.fr\/version2\/wp-json\/wp\/v2\/categories?post=9184"},{"taxonomy":"post_tag","embeddable":true,"href":"https:\/\/www.erea86.fr\/version2\/wp-json\/wp\/v2\/tags?post=9184"}],"curies":[{"name":"wp","href":"https:\/\/api.w.org\/{rel}","templated":true}]}}